{"id":110251,"date":"2025-07-24T14:39:13","date_gmt":"2025-07-24T11:39:13","guid":{"rendered":"https:\/\/lengvoji.lt\/110251-at-the-european-youth-olympic-festival-personal-record-and-athletes-finish-in-the-top-ten\/"},"modified":"2025-07-24T14:39:13","modified_gmt":"2025-07-24T11:39:13","slug":"at-the-european-youth-olympic-festival-personal-record-and-athletes-finish-in-the-top-ten","status":"publish","type":"post","link":"https:\/\/lengvoji.lt\/en\/news\/110251-at-the-european-youth-olympic-festival-personal-record-and-athletes-finish-in-the-top-ten\/","title":{"rendered":"At the European Youth Olympic Festival \u2013 personal record and athletes finish in the top ten"},"content":{"rendered":"<p>On Wednesday, the third day of the European Youth Olympic Festival in North Macedonia, four representatives of Lithuanian athletics joined the starting line. The sport&#8217;s schedule in Skopje has been adjusted not by the heat, but by football, as the athletics competition is held in North Macedonia&#8217;s largest stadium, the 33,000-seat To\u0161e Proeski National Arena. <\/p>\n<p>On Thursday at 9:30 p.m., the UEFA Conference League qualifying match between Skopje&#8217;s Vardar and Switzerland&#8217;s Lausanne will take place here. Therefore, from Tuesday, athletes compete in the stadium only in the morning, because the stadium has to be shared with football players.  <\/p>\n<p>17-year-old sprinters <strong>Ieva \u0160ad\u017ei\u016bt\u0117<\/strong> and <strong>Martynas Kolupaila<\/strong> made it to the semi-finals of the 200 m run. They reached this stage on the first day of the festival in the 100 m distance. <\/p>\n<p>I. \u0160ad\u017ei\u016bt\u0117 completed the 200 m in 24.67 seconds, improved her personal record, and, taking 15th place among 29 participants, secured a place in the semi-finals on Thursday.<\/p>\n<p>M. Kolupaila&#8217;s result was 21.81 seconds. \u2013 Among 25 athletes, he was 12th. <\/p>\n<p>In the 5000 m athletic walking event, 17-year-old <strong>Libertas Kulie\u0161a<\/strong> finished ninth (22 minutes 44.10 seconds).<\/p>\n<p>In the javelin throw competition, the tenth place was won by <strong>Pijus Albavi\u010dius<\/strong> in 58.28 m (58.28-56.45-57.59).<\/p>\n<p>&nbsp;<\/p>\n<p><em>LNOC information<\/em><\/p>\n<p><em>Photo by Rokas Snarskis.<\/em><\/p>\n","protected":false},"excerpt":{"rendered":"<p>On Wednesday, the third day of the European Youth Olympic Festival in North Macedonia, four representatives of Lithuanian athletics joined the starting line. The sport&#8217;s schedule in Skopje has been [&hellip;]<\/p>\n","protected":false},"author":5,"featured_media":110249,"comment_status":"open","ping_status":"open","sticky":false,"template":"","format":"standard","meta":{"_acf_changed":false,"inline_featured_image":false,"footnotes":""},"categories":[121],"tags":[],"class_list":["post-110251","post","type-post","status-publish","format-standard","has-post-thumbnail","hentry","category-news"],"acf":[],"yoast_head":"<!-- This site is optimized with the Yoast SEO plugin v26.4 - https:\/\/yoast.com\/wordpress\/plugins\/seo\/ -->\n<title>At the European Youth Olympic Festival \u2013 personal record and athletes finish in the top ten &#8211; LLAF<\/title>\n<meta name=\"robots\" content=\"index, follow, max-snippet:-1, max-image-preview:large, max-video-preview:-1\" \/>\n<link rel=\"canonical\" href=\"https:\/\/lengvoji.lt\/en\/news\/110251-at-the-european-youth-olympic-festival-personal-record-and-athletes-finish-in-the-top-ten\/\" \/>\n<meta property=\"og:locale\" content=\"en_US\" \/>\n<meta property=\"og:type\" content=\"article\" \/>\n<meta property=\"og:title\" content=\"At the European Youth Olympic Festival \u2013 personal record and athletes finish in the top ten &#8211; LLAF\" \/>\n<meta property=\"og:description\" content=\"On Wednesday, the third day of the European Youth Olympic Festival in North Macedonia, four representatives of Lithuanian athletics joined the starting line. The sport&#8217;s schedule in Skopje has been [&hellip;]\" \/>\n<meta property=\"og:url\" content=\"https:\/\/lengvoji.lt\/en\/news\/110251-at-the-european-youth-olympic-festival-personal-record-and-athletes-finish-in-the-top-ten\/\" \/>\n<meta property=\"og:site_name\" content=\"LLAF\" \/>\n<meta property=\"article:publisher\" content=\"https:\/\/www.facebook.com\/LietuvosLengvosiosAtletikosFederacija\/\" \/>\n<meta property=\"article:published_time\" content=\"2025-07-24T11:39:13+00:00\" \/>\n<meta property=\"og:image\" content=\"https:\/\/lengvoji.lt\/wp-content\/uploads\/2025\/07\/Ieva-Sadziute-1024x683.jpg\" \/>\n<meta name=\"author\" content=\"Justas Virbickas\" \/>\n<meta name=\"twitter:card\" content=\"summary_large_image\" \/>\n<script type=\"application\/ld+json\" class=\"yoast-schema-graph\">{\"@context\":\"https:\/\/schema.org\",\"@graph\":[{\"@type\":\"Article\",\"@id\":\"https:\/\/lengvoji.lt\/en\/news\/110251-at-the-european-youth-olympic-festival-personal-record-and-athletes-finish-in-the-top-ten\/#article\",\"isPartOf\":{\"@id\":\"https:\/\/lengvoji.lt\/en\/news\/110251-at-the-european-youth-olympic-festival-personal-record-and-athletes-finish-in-the-top-ten\/\"},\"author\":{\"name\":\"Justas Virbickas\",\"@id\":\"https:\/\/lengvoji.lt\/en\/#\/schema\/person\/fb833d1df60a3d4339ae3cfc95b30ea0\"},\"headline\":\"At the European Youth Olympic Festival \u2013 personal record and athletes finish in the top ten\",\"datePublished\":\"2025-07-24T11:39:13+00:00\",\"mainEntityOfPage\":{\"@id\":\"https:\/\/lengvoji.lt\/en\/news\/110251-at-the-european-youth-olympic-festival-personal-record-and-athletes-finish-in-the-top-ten\/\"},\"wordCount\":228,\"commentCount\":0,\"publisher\":{\"@id\":\"https:\/\/lengvoji.lt\/en\/#organization\"},\"image\":{\"@id\":\"https:\/\/lengvoji.lt\/en\/news\/110251-at-the-european-youth-olympic-festival-personal-record-and-athletes-finish-in-the-top-ten\/#primaryimage\"},\"thumbnailUrl\":\"https:\/\/lengvoji.lt\/wp-content\/uploads\/2025\/07\/Ieva-Sadziute.jpg\",\"articleSection\":[\"News\"],\"inLanguage\":\"en-US\",\"potentialAction\":[{\"@type\":\"CommentAction\",\"name\":\"Comment\",\"target\":[\"https:\/\/lengvoji.lt\/en\/news\/110251-at-the-european-youth-olympic-festival-personal-record-and-athletes-finish-in-the-top-ten\/#respond\"]}]},{\"@type\":\"WebPage\",\"@id\":\"https:\/\/lengvoji.lt\/en\/news\/110251-at-the-european-youth-olympic-festival-personal-record-and-athletes-finish-in-the-top-ten\/\",\"url\":\"https:\/\/lengvoji.lt\/en\/news\/110251-at-the-european-youth-olympic-festival-personal-record-and-athletes-finish-in-the-top-ten\/\",\"name\":\"At the European Youth Olympic Festival \u2013 personal record and athletes finish in the top ten &#8211; LLAF\",\"isPartOf\":{\"@id\":\"https:\/\/lengvoji.lt\/en\/#website\"},\"primaryImageOfPage\":{\"@id\":\"https:\/\/lengvoji.lt\/en\/news\/110251-at-the-european-youth-olympic-festival-personal-record-and-athletes-finish-in-the-top-ten\/#primaryimage\"},\"image\":{\"@id\":\"https:\/\/lengvoji.lt\/en\/news\/110251-at-the-european-youth-olympic-festival-personal-record-and-athletes-finish-in-the-top-ten\/#primaryimage\"},\"thumbnailUrl\":\"https:\/\/lengvoji.lt\/wp-content\/uploads\/2025\/07\/Ieva-Sadziute.jpg\",\"datePublished\":\"2025-07-24T11:39:13+00:00\",\"breadcrumb\":{\"@id\":\"https:\/\/lengvoji.lt\/en\/news\/110251-at-the-european-youth-olympic-festival-personal-record-and-athletes-finish-in-the-top-ten\/#breadcrumb\"},\"inLanguage\":\"en-US\",\"potentialAction\":[{\"@type\":\"ReadAction\",\"target\":[\"https:\/\/lengvoji.lt\/en\/news\/110251-at-the-european-youth-olympic-festival-personal-record-and-athletes-finish-in-the-top-ten\/\"]}]},{\"@type\":\"ImageObject\",\"inLanguage\":\"en-US\",\"@id\":\"https:\/\/lengvoji.lt\/en\/news\/110251-at-the-european-youth-olympic-festival-personal-record-and-athletes-finish-in-the-top-ten\/#primaryimage\",\"url\":\"https:\/\/lengvoji.lt\/wp-content\/uploads\/2025\/07\/Ieva-Sadziute.jpg\",\"contentUrl\":\"https:\/\/lengvoji.lt\/wp-content\/uploads\/2025\/07\/Ieva-Sadziute.jpg\",\"width\":2048,\"height\":1365},{\"@type\":\"BreadcrumbList\",\"@id\":\"https:\/\/lengvoji.lt\/en\/news\/110251-at-the-european-youth-olympic-festival-personal-record-and-athletes-finish-in-the-top-ten\/#breadcrumb\",\"itemListElement\":[{\"@type\":\"ListItem\",\"position\":1,\"name\":\"Home\",\"item\":\"https:\/\/lengvoji.lt\/en\/beginning\/\"},{\"@type\":\"ListItem\",\"position\":2,\"name\":\"At the European Youth Olympic Festival \u2013 personal record and athletes finish in the top ten\"}]},{\"@type\":\"WebSite\",\"@id\":\"https:\/\/lengvoji.lt\/en\/#website\",\"url\":\"https:\/\/lengvoji.lt\/en\/\",\"name\":\"Lietuvos lengvosios atletikos federacija\",\"description\":\"The National Lithuanian Athletics Organization oversees the country's athletics activities.\",\"publisher\":{\"@id\":\"https:\/\/lengvoji.lt\/en\/#organization\"},\"alternateName\":\"LLAF\",\"potentialAction\":[{\"@type\":\"SearchAction\",\"target\":{\"@type\":\"EntryPoint\",\"urlTemplate\":\"https:\/\/lengvoji.lt\/en\/?s={search_term_string}\"},\"query-input\":{\"@type\":\"PropertyValueSpecification\",\"valueRequired\":true,\"valueName\":\"search_term_string\"}}],\"inLanguage\":\"en-US\"},{\"@type\":\"Organization\",\"@id\":\"https:\/\/lengvoji.lt\/en\/#organization\",\"name\":\"Athletics Federation of Lithuania\",\"alternateName\":\"LLAF\",\"url\":\"https:\/\/lengvoji.lt\/en\/\",\"logo\":{\"@type\":\"ImageObject\",\"inLanguage\":\"en-US\",\"@id\":\"https:\/\/lengvoji.lt\/en\/#\/schema\/logo\/image\/\",\"url\":\"https:\/\/lengvoji.lt\/wp-content\/uploads\/2024\/10\/llaf-seo-square.jpg\",\"contentUrl\":\"https:\/\/lengvoji.lt\/wp-content\/uploads\/2024\/10\/llaf-seo-square.jpg\",\"width\":1400,\"height\":1400,\"caption\":\"Athletics Federation of Lithuania\"},\"image\":{\"@id\":\"https:\/\/lengvoji.lt\/en\/#\/schema\/logo\/image\/\"},\"sameAs\":[\"https:\/\/www.facebook.com\/LietuvosLengvosiosAtletikosFederacija\/\",\"https:\/\/www.instagram.com\/lengvoji\/\",\"https:\/\/youtube.com\/@Lietuvoslengvosiosatletikosfed\"]},{\"@type\":\"Person\",\"@id\":\"https:\/\/lengvoji.lt\/en\/#\/schema\/person\/fb833d1df60a3d4339ae3cfc95b30ea0\",\"name\":\"Justas Virbickas\",\"sameAs\":[\"https:\/\/lengvoji.lt\/\"],\"url\":\"https:\/\/lengvoji.lt\/en\/author\/llaf-justas\/\"}]}<\/script>\n<!-- \/ Yoast SEO plugin. -->","yoast_head_json":{"title":"At the European Youth Olympic Festival \u2013 personal record and athletes finish in the top ten &#8211; LLAF","robots":{"index":"index","follow":"follow","max-snippet":"max-snippet:-1","max-image-preview":"max-image-preview:large","max-video-preview":"max-video-preview:-1"},"canonical":"https:\/\/lengvoji.lt\/en\/news\/110251-at-the-european-youth-olympic-festival-personal-record-and-athletes-finish-in-the-top-ten\/","og_locale":"en_US","og_type":"article","og_title":"At the European Youth Olympic Festival \u2013 personal record and athletes finish in the top ten &#8211; LLAF","og_description":"On Wednesday, the third day of the European Youth Olympic Festival in North Macedonia, four representatives of Lithuanian athletics joined the starting line. The sport&#8217;s schedule in Skopje has been [&hellip;]","og_url":"https:\/\/lengvoji.lt\/en\/news\/110251-at-the-european-youth-olympic-festival-personal-record-and-athletes-finish-in-the-top-ten\/","og_site_name":"LLAF","article_publisher":"https:\/\/www.facebook.com\/LietuvosLengvosiosAtletikosFederacija\/","article_published_time":"2025-07-24T11:39:13+00:00","og_image":[{"url":"https:\/\/lengvoji.lt\/wp-content\/uploads\/2025\/07\/Ieva-Sadziute-1024x683.jpg","type":"","width":"","height":""}],"author":"Justas Virbickas","twitter_card":"summary_large_image","schema":{"@context":"https:\/\/schema.org","@graph":[{"@type":"Article","@id":"https:\/\/lengvoji.lt\/en\/news\/110251-at-the-european-youth-olympic-festival-personal-record-and-athletes-finish-in-the-top-ten\/#article","isPartOf":{"@id":"https:\/\/lengvoji.lt\/en\/news\/110251-at-the-european-youth-olympic-festival-personal-record-and-athletes-finish-in-the-top-ten\/"},"author":{"name":"Justas Virbickas","@id":"https:\/\/lengvoji.lt\/en\/#\/schema\/person\/fb833d1df60a3d4339ae3cfc95b30ea0"},"headline":"At the European Youth Olympic Festival \u2013 personal record and athletes finish in the top ten","datePublished":"2025-07-24T11:39:13+00:00","mainEntityOfPage":{"@id":"https:\/\/lengvoji.lt\/en\/news\/110251-at-the-european-youth-olympic-festival-personal-record-and-athletes-finish-in-the-top-ten\/"},"wordCount":228,"commentCount":0,"publisher":{"@id":"https:\/\/lengvoji.lt\/en\/#organization"},"image":{"@id":"https:\/\/lengvoji.lt\/en\/news\/110251-at-the-european-youth-olympic-festival-personal-record-and-athletes-finish-in-the-top-ten\/#primaryimage"},"thumbnailUrl":"https:\/\/lengvoji.lt\/wp-content\/uploads\/2025\/07\/Ieva-Sadziute.jpg","articleSection":["News"],"inLanguage":"en-US","potentialAction":[{"@type":"CommentAction","name":"Comment","target":["https:\/\/lengvoji.lt\/en\/news\/110251-at-the-european-youth-olympic-festival-personal-record-and-athletes-finish-in-the-top-ten\/#respond"]}]},{"@type":"WebPage","@id":"https:\/\/lengvoji.lt\/en\/news\/110251-at-the-european-youth-olympic-festival-personal-record-and-athletes-finish-in-the-top-ten\/","url":"https:\/\/lengvoji.lt\/en\/news\/110251-at-the-european-youth-olympic-festival-personal-record-and-athletes-finish-in-the-top-ten\/","name":"At the European Youth Olympic Festival \u2013 personal record and athletes finish in the top ten &#8211; LLAF","isPartOf":{"@id":"https:\/\/lengvoji.lt\/en\/#website"},"primaryImageOfPage":{"@id":"https:\/\/lengvoji.lt\/en\/news\/110251-at-the-european-youth-olympic-festival-personal-record-and-athletes-finish-in-the-top-ten\/#primaryimage"},"image":{"@id":"https:\/\/lengvoji.lt\/en\/news\/110251-at-the-european-youth-olympic-festival-personal-record-and-athletes-finish-in-the-top-ten\/#primaryimage"},"thumbnailUrl":"https:\/\/lengvoji.lt\/wp-content\/uploads\/2025\/07\/Ieva-Sadziute.jpg","datePublished":"2025-07-24T11:39:13+00:00","breadcrumb":{"@id":"https:\/\/lengvoji.lt\/en\/news\/110251-at-the-european-youth-olympic-festival-personal-record-and-athletes-finish-in-the-top-ten\/#breadcrumb"},"inLanguage":"en-US","potentialAction":[{"@type":"ReadAction","target":["https:\/\/lengvoji.lt\/en\/news\/110251-at-the-european-youth-olympic-festival-personal-record-and-athletes-finish-in-the-top-ten\/"]}]},{"@type":"ImageObject","inLanguage":"en-US","@id":"https:\/\/lengvoji.lt\/en\/news\/110251-at-the-european-youth-olympic-festival-personal-record-and-athletes-finish-in-the-top-ten\/#primaryimage","url":"https:\/\/lengvoji.lt\/wp-content\/uploads\/2025\/07\/Ieva-Sadziute.jpg","contentUrl":"https:\/\/lengvoji.lt\/wp-content\/uploads\/2025\/07\/Ieva-Sadziute.jpg","width":2048,"height":1365},{"@type":"BreadcrumbList","@id":"https:\/\/lengvoji.lt\/en\/news\/110251-at-the-european-youth-olympic-festival-personal-record-and-athletes-finish-in-the-top-ten\/#breadcrumb","itemListElement":[{"@type":"ListItem","position":1,"name":"Home","item":"https:\/\/lengvoji.lt\/en\/beginning\/"},{"@type":"ListItem","position":2,"name":"At the European Youth Olympic Festival \u2013 personal record and athletes finish in the top ten"}]},{"@type":"WebSite","@id":"https:\/\/lengvoji.lt\/en\/#website","url":"https:\/\/lengvoji.lt\/en\/","name":"Lietuvos lengvosios atletikos federacija","description":"The National Lithuanian Athletics Organization oversees the country's athletics activities.","publisher":{"@id":"https:\/\/lengvoji.lt\/en\/#organization"},"alternateName":"LLAF","potentialAction":[{"@type":"SearchAction","target":{"@type":"EntryPoint","urlTemplate":"https:\/\/lengvoji.lt\/en\/?s={search_term_string}"},"query-input":{"@type":"PropertyValueSpecification","valueRequired":true,"valueName":"search_term_string"}}],"inLanguage":"en-US"},{"@type":"Organization","@id":"https:\/\/lengvoji.lt\/en\/#organization","name":"Athletics Federation of Lithuania","alternateName":"LLAF","url":"https:\/\/lengvoji.lt\/en\/","logo":{"@type":"ImageObject","inLanguage":"en-US","@id":"https:\/\/lengvoji.lt\/en\/#\/schema\/logo\/image\/","url":"https:\/\/lengvoji.lt\/wp-content\/uploads\/2024\/10\/llaf-seo-square.jpg","contentUrl":"https:\/\/lengvoji.lt\/wp-content\/uploads\/2024\/10\/llaf-seo-square.jpg","width":1400,"height":1400,"caption":"Athletics Federation of Lithuania"},"image":{"@id":"https:\/\/lengvoji.lt\/en\/#\/schema\/logo\/image\/"},"sameAs":["https:\/\/www.facebook.com\/LietuvosLengvosiosAtletikosFederacija\/","https:\/\/www.instagram.com\/lengvoji\/","https:\/\/youtube.com\/@Lietuvoslengvosiosatletikosfed"]},{"@type":"Person","@id":"https:\/\/lengvoji.lt\/en\/#\/schema\/person\/fb833d1df60a3d4339ae3cfc95b30ea0","name":"Justas Virbickas","sameAs":["https:\/\/lengvoji.lt\/"],"url":"https:\/\/lengvoji.lt\/en\/author\/llaf-justas\/"}]}},"_links":{"self":[{"href":"https:\/\/lengvoji.lt\/en\/wp-json\/wp\/v2\/posts\/110251","targetHints":{"allow":["GET"]}}],"collection":[{"href":"https:\/\/lengvoji.lt\/en\/wp-json\/wp\/v2\/posts"}],"about":[{"href":"https:\/\/lengvoji.lt\/en\/wp-json\/wp\/v2\/types\/post"}],"author":[{"embeddable":true,"href":"https:\/\/lengvoji.lt\/en\/wp-json\/wp\/v2\/users\/5"}],"replies":[{"embeddable":true,"href":"https:\/\/lengvoji.lt\/en\/wp-json\/wp\/v2\/comments?post=110251"}],"version-history":[{"count":0,"href":"https:\/\/lengvoji.lt\/en\/wp-json\/wp\/v2\/posts\/110251\/revisions"}],"wp:featuredmedia":[{"embeddable":true,"href":"https:\/\/lengvoji.lt\/en\/wp-json\/wp\/v2\/media\/110249"}],"wp:attachment":[{"href":"https:\/\/lengvoji.lt\/en\/wp-json\/wp\/v2\/media?parent=110251"}],"wp:term":[{"taxonomy":"category","embeddable":true,"href":"https:\/\/lengvoji.lt\/en\/wp-json\/wp\/v2\/categories?post=110251"},{"taxonomy":"post_tag","embeddable":true,"href":"https:\/\/lengvoji.lt\/en\/wp-json\/wp\/v2\/tags?post=110251"}],"curies":[{"name":"wp","href":"https:\/\/api.w.org\/{rel}","templated":true}]}}