{"id":112351,"date":"2025-08-30T17:47:20","date_gmt":"2025-08-30T14:47:20","guid":{"rendered":"https:\/\/lengvoji.lt\/112351-11-representatives-of-lithuania-at-the-world-athletics-championships\/"},"modified":"2025-08-30T17:47:20","modified_gmt":"2025-08-30T14:47:20","slug":"11-representatives-of-lithuania-at-the-world-athletics-championships","status":"publish","type":"post","link":"https:\/\/lengvoji.lt\/en\/news\/112351-11-representatives-of-lithuania-at-the-world-athletics-championships\/","title":{"rendered":"11 representatives of Lithuania at the World Athletics Championships"},"content":{"rendered":"<p>The Lithuanian Athletics Federation delegates 11 athletes from the country who have won the right to compete in the world championships to the World Championships. The 20th anniversary World Championship will take place in Tokyo (Japan) on September 13-21. More than 2000 athletes from around 200 countries will perform at the Olympic Stadium.  <\/p>\n<p>Track and field athletes could enter the championship by following the norms or collecting points in the ranking system. World record holder <strong>Mykolas Alekna <\/strong>(discus throw), world champion <strong>Andrius Gud\u017eius <\/strong>(discus throw), Lithuanian champions <strong>Martynas Alekna <\/strong>(discus throw), <strong>Ieva Gumbs <\/strong>(discus throw), <strong>Dovil\u0117 Kilty <\/strong>(triple jump), <strong>Beatri\u010d\u0117 Ju\u0161kevi\u010di\u016bt\u0117 <\/strong>(heptathlon), <strong>Juozas Baik\u0161tys <\/strong>(high jump) and Lithuanian record holders <strong>Edis Matusevi\u010dius <\/strong>(javelin throw), <strong>Liveta Jasi\u016bnait\u0117 <\/strong> successfully qualified for the most important start of the year.(javelin throw), <strong>Gabija Galvydyt\u0117 <\/strong>(800 m, 1500 m), <strong>Gediminas Truskauskas <\/strong>(200 m). <\/p>\n<p>The World Championships are held every two years, the first one was held in Helsinki (Finland) in 1983. The best athletes on the planet are returning to the Japanese capital for the second time, since the World Championships were held in Tokyo in 1991. In addition, in 2021, the Tokyo Stadium hosted the Summer Olympics.  <\/p>\n<p>At the World Championships, athletes will compete in 49 events \u2013 24 women&#8217;s, 24 men&#8217;s and 4&#215;400 m mixed relay \u2013 and will share 147 medals. The prize pool is almost $8.5 million, and cash prizes will be awarded to the top eight of each event. The organizers also established a cash prize (100 thousand. for an improved world record.  <\/p>\n<p>Lithuanians have won three gold, five silver and three bronze medals in the history of the World Championships. The last time the planetary championships were held was in 2023 in Budapest (Hungary). 16 of our team started in the Hungarian capital, and Mykolas Alekna managed to win the bronze medal.   <\/p>\n<p>The World Athletics Championships will be broadcast live by LRT.<\/p>\n<p>&nbsp;<\/p>\n<p><em>lengvoji.lt<\/em><\/p>\n<p><em>Photo by Alfredas Pliadis<\/em><\/p>\n","protected":false},"excerpt":{"rendered":"<p>The Lithuanian Athletics Federation delegates 11 athletes from the country who have won the right to compete in the world championships to the World Championships. The 20th anniversary World Championship [&hellip;]<\/p>\n","protected":false},"author":5,"featured_media":112349,"comment_status":"open","ping_status":"open","sticky":false,"template":"","format":"standard","meta":{"_acf_changed":false,"inline_featured_image":false,"footnotes":""},"categories":[121],"tags":[],"class_list":["post-112351","post","type-post","status-publish","format-standard","has-post-thumbnail","hentry","category-news"],"acf":[],"yoast_head":"<!-- This site is optimized with the Yoast SEO plugin v26.4 - https:\/\/yoast.com\/wordpress\/plugins\/seo\/ -->\n<title>11 representatives of Lithuania at the World Athletics Championships &#8211; LLAF<\/title>\n<meta name=\"robots\" content=\"index, follow, max-snippet:-1, max-image-preview:large, max-video-preview:-1\" \/>\n<link rel=\"canonical\" href=\"https:\/\/lengvoji.lt\/en\/news\/112351-11-representatives-of-lithuania-at-the-world-athletics-championships\/\" \/>\n<meta property=\"og:locale\" content=\"en_US\" \/>\n<meta property=\"og:type\" content=\"article\" \/>\n<meta property=\"og:title\" content=\"11 representatives of Lithuania at the World Athletics Championships &#8211; LLAF\" \/>\n<meta property=\"og:description\" content=\"The Lithuanian Athletics Federation delegates 11 athletes from the country who have won the right to compete in the world championships to the World Championships. The 20th anniversary World Championship [&hellip;]\" \/>\n<meta property=\"og:url\" content=\"https:\/\/lengvoji.lt\/en\/news\/112351-11-representatives-of-lithuania-at-the-world-athletics-championships\/\" \/>\n<meta property=\"og:site_name\" content=\"LLAF\" \/>\n<meta property=\"article:publisher\" content=\"https:\/\/www.facebook.com\/LietuvosLengvosiosAtletikosFederacija\/\" \/>\n<meta property=\"article:published_time\" content=\"2025-08-30T14:47:20+00:00\" \/>\n<meta property=\"og:image\" content=\"https:\/\/lengvoji.lt\/wp-content\/uploads\/2025\/08\/Mykolas-Alekna-2-1024x683.jpg\" \/>\n<meta name=\"author\" content=\"Justas Virbickas\" \/>\n<meta name=\"twitter:card\" content=\"summary_large_image\" \/>\n<script type=\"application\/ld+json\" class=\"yoast-schema-graph\">{\"@context\":\"https:\/\/schema.org\",\"@graph\":[{\"@type\":\"Article\",\"@id\":\"https:\/\/lengvoji.lt\/en\/news\/112351-11-representatives-of-lithuania-at-the-world-athletics-championships\/#article\",\"isPartOf\":{\"@id\":\"https:\/\/lengvoji.lt\/en\/news\/112351-11-representatives-of-lithuania-at-the-world-athletics-championships\/\"},\"author\":{\"name\":\"Justas Virbickas\",\"@id\":\"https:\/\/lengvoji.lt\/en\/#\/schema\/person\/fb833d1df60a3d4339ae3cfc95b30ea0\"},\"headline\":\"11 representatives of Lithuania at the World Athletics Championships\",\"datePublished\":\"2025-08-30T14:47:20+00:00\",\"mainEntityOfPage\":{\"@id\":\"https:\/\/lengvoji.lt\/en\/news\/112351-11-representatives-of-lithuania-at-the-world-athletics-championships\/\"},\"wordCount\":318,\"commentCount\":0,\"publisher\":{\"@id\":\"https:\/\/lengvoji.lt\/en\/#organization\"},\"image\":{\"@id\":\"https:\/\/lengvoji.lt\/en\/news\/112351-11-representatives-of-lithuania-at-the-world-athletics-championships\/#primaryimage\"},\"thumbnailUrl\":\"https:\/\/lengvoji.lt\/wp-content\/uploads\/2025\/08\/Mykolas-Alekna-2.jpg\",\"articleSection\":[\"News\"],\"inLanguage\":\"en-US\",\"potentialAction\":[{\"@type\":\"CommentAction\",\"name\":\"Comment\",\"target\":[\"https:\/\/lengvoji.lt\/en\/news\/112351-11-representatives-of-lithuania-at-the-world-athletics-championships\/#respond\"]}]},{\"@type\":\"WebPage\",\"@id\":\"https:\/\/lengvoji.lt\/en\/news\/112351-11-representatives-of-lithuania-at-the-world-athletics-championships\/\",\"url\":\"https:\/\/lengvoji.lt\/en\/news\/112351-11-representatives-of-lithuania-at-the-world-athletics-championships\/\",\"name\":\"11 representatives of Lithuania at the World Athletics Championships &#8211; LLAF\",\"isPartOf\":{\"@id\":\"https:\/\/lengvoji.lt\/en\/#website\"},\"primaryImageOfPage\":{\"@id\":\"https:\/\/lengvoji.lt\/en\/news\/112351-11-representatives-of-lithuania-at-the-world-athletics-championships\/#primaryimage\"},\"image\":{\"@id\":\"https:\/\/lengvoji.lt\/en\/news\/112351-11-representatives-of-lithuania-at-the-world-athletics-championships\/#primaryimage\"},\"thumbnailUrl\":\"https:\/\/lengvoji.lt\/wp-content\/uploads\/2025\/08\/Mykolas-Alekna-2.jpg\",\"datePublished\":\"2025-08-30T14:47:20+00:00\",\"breadcrumb\":{\"@id\":\"https:\/\/lengvoji.lt\/en\/news\/112351-11-representatives-of-lithuania-at-the-world-athletics-championships\/#breadcrumb\"},\"inLanguage\":\"en-US\",\"potentialAction\":[{\"@type\":\"ReadAction\",\"target\":[\"https:\/\/lengvoji.lt\/en\/news\/112351-11-representatives-of-lithuania-at-the-world-athletics-championships\/\"]}]},{\"@type\":\"ImageObject\",\"inLanguage\":\"en-US\",\"@id\":\"https:\/\/lengvoji.lt\/en\/news\/112351-11-representatives-of-lithuania-at-the-world-athletics-championships\/#primaryimage\",\"url\":\"https:\/\/lengvoji.lt\/wp-content\/uploads\/2025\/08\/Mykolas-Alekna-2.jpg\",\"contentUrl\":\"https:\/\/lengvoji.lt\/wp-content\/uploads\/2025\/08\/Mykolas-Alekna-2.jpg\",\"width\":1600,\"height\":1067},{\"@type\":\"BreadcrumbList\",\"@id\":\"https:\/\/lengvoji.lt\/en\/news\/112351-11-representatives-of-lithuania-at-the-world-athletics-championships\/#breadcrumb\",\"itemListElement\":[{\"@type\":\"ListItem\",\"position\":1,\"name\":\"Home\",\"item\":\"https:\/\/lengvoji.lt\/en\/beginning\/\"},{\"@type\":\"ListItem\",\"position\":2,\"name\":\"11 representatives of Lithuania at the World Athletics Championships\"}]},{\"@type\":\"WebSite\",\"@id\":\"https:\/\/lengvoji.lt\/en\/#website\",\"url\":\"https:\/\/lengvoji.lt\/en\/\",\"name\":\"Lietuvos lengvosios atletikos federacija\",\"description\":\"The National Lithuanian Athletics Organization oversees the country's athletics activities.\",\"publisher\":{\"@id\":\"https:\/\/lengvoji.lt\/en\/#organization\"},\"alternateName\":\"LLAF\",\"potentialAction\":[{\"@type\":\"SearchAction\",\"target\":{\"@type\":\"EntryPoint\",\"urlTemplate\":\"https:\/\/lengvoji.lt\/en\/?s={search_term_string}\"},\"query-input\":{\"@type\":\"PropertyValueSpecification\",\"valueRequired\":true,\"valueName\":\"search_term_string\"}}],\"inLanguage\":\"en-US\"},{\"@type\":\"Organization\",\"@id\":\"https:\/\/lengvoji.lt\/en\/#organization\",\"name\":\"Athletics Federation of Lithuania\",\"alternateName\":\"LLAF\",\"url\":\"https:\/\/lengvoji.lt\/en\/\",\"logo\":{\"@type\":\"ImageObject\",\"inLanguage\":\"en-US\",\"@id\":\"https:\/\/lengvoji.lt\/en\/#\/schema\/logo\/image\/\",\"url\":\"https:\/\/lengvoji.lt\/wp-content\/uploads\/2024\/10\/llaf-seo-square.jpg\",\"contentUrl\":\"https:\/\/lengvoji.lt\/wp-content\/uploads\/2024\/10\/llaf-seo-square.jpg\",\"width\":1400,\"height\":1400,\"caption\":\"Athletics Federation of Lithuania\"},\"image\":{\"@id\":\"https:\/\/lengvoji.lt\/en\/#\/schema\/logo\/image\/\"},\"sameAs\":[\"https:\/\/www.facebook.com\/LietuvosLengvosiosAtletikosFederacija\/\",\"https:\/\/www.instagram.com\/lengvoji\/\",\"https:\/\/youtube.com\/@Lietuvoslengvosiosatletikosfed\"]},{\"@type\":\"Person\",\"@id\":\"https:\/\/lengvoji.lt\/en\/#\/schema\/person\/fb833d1df60a3d4339ae3cfc95b30ea0\",\"name\":\"Justas Virbickas\",\"sameAs\":[\"https:\/\/lengvoji.lt\/\"],\"url\":\"https:\/\/lengvoji.lt\/en\/author\/llaf-justas\/\"}]}<\/script>\n<!-- \/ Yoast SEO plugin. -->","yoast_head_json":{"title":"11 representatives of Lithuania at the World Athletics Championships &#8211; LLAF","robots":{"index":"index","follow":"follow","max-snippet":"max-snippet:-1","max-image-preview":"max-image-preview:large","max-video-preview":"max-video-preview:-1"},"canonical":"https:\/\/lengvoji.lt\/en\/news\/112351-11-representatives-of-lithuania-at-the-world-athletics-championships\/","og_locale":"en_US","og_type":"article","og_title":"11 representatives of Lithuania at the World Athletics Championships &#8211; LLAF","og_description":"The Lithuanian Athletics Federation delegates 11 athletes from the country who have won the right to compete in the world championships to the World Championships. The 20th anniversary World Championship [&hellip;]","og_url":"https:\/\/lengvoji.lt\/en\/news\/112351-11-representatives-of-lithuania-at-the-world-athletics-championships\/","og_site_name":"LLAF","article_publisher":"https:\/\/www.facebook.com\/LietuvosLengvosiosAtletikosFederacija\/","article_published_time":"2025-08-30T14:47:20+00:00","og_image":[{"url":"https:\/\/lengvoji.lt\/wp-content\/uploads\/2025\/08\/Mykolas-Alekna-2-1024x683.jpg","type":"","width":"","height":""}],"author":"Justas Virbickas","twitter_card":"summary_large_image","schema":{"@context":"https:\/\/schema.org","@graph":[{"@type":"Article","@id":"https:\/\/lengvoji.lt\/en\/news\/112351-11-representatives-of-lithuania-at-the-world-athletics-championships\/#article","isPartOf":{"@id":"https:\/\/lengvoji.lt\/en\/news\/112351-11-representatives-of-lithuania-at-the-world-athletics-championships\/"},"author":{"name":"Justas Virbickas","@id":"https:\/\/lengvoji.lt\/en\/#\/schema\/person\/fb833d1df60a3d4339ae3cfc95b30ea0"},"headline":"11 representatives of Lithuania at the World Athletics Championships","datePublished":"2025-08-30T14:47:20+00:00","mainEntityOfPage":{"@id":"https:\/\/lengvoji.lt\/en\/news\/112351-11-representatives-of-lithuania-at-the-world-athletics-championships\/"},"wordCount":318,"commentCount":0,"publisher":{"@id":"https:\/\/lengvoji.lt\/en\/#organization"},"image":{"@id":"https:\/\/lengvoji.lt\/en\/news\/112351-11-representatives-of-lithuania-at-the-world-athletics-championships\/#primaryimage"},"thumbnailUrl":"https:\/\/lengvoji.lt\/wp-content\/uploads\/2025\/08\/Mykolas-Alekna-2.jpg","articleSection":["News"],"inLanguage":"en-US","potentialAction":[{"@type":"CommentAction","name":"Comment","target":["https:\/\/lengvoji.lt\/en\/news\/112351-11-representatives-of-lithuania-at-the-world-athletics-championships\/#respond"]}]},{"@type":"WebPage","@id":"https:\/\/lengvoji.lt\/en\/news\/112351-11-representatives-of-lithuania-at-the-world-athletics-championships\/","url":"https:\/\/lengvoji.lt\/en\/news\/112351-11-representatives-of-lithuania-at-the-world-athletics-championships\/","name":"11 representatives of Lithuania at the World Athletics Championships &#8211; LLAF","isPartOf":{"@id":"https:\/\/lengvoji.lt\/en\/#website"},"primaryImageOfPage":{"@id":"https:\/\/lengvoji.lt\/en\/news\/112351-11-representatives-of-lithuania-at-the-world-athletics-championships\/#primaryimage"},"image":{"@id":"https:\/\/lengvoji.lt\/en\/news\/112351-11-representatives-of-lithuania-at-the-world-athletics-championships\/#primaryimage"},"thumbnailUrl":"https:\/\/lengvoji.lt\/wp-content\/uploads\/2025\/08\/Mykolas-Alekna-2.jpg","datePublished":"2025-08-30T14:47:20+00:00","breadcrumb":{"@id":"https:\/\/lengvoji.lt\/en\/news\/112351-11-representatives-of-lithuania-at-the-world-athletics-championships\/#breadcrumb"},"inLanguage":"en-US","potentialAction":[{"@type":"ReadAction","target":["https:\/\/lengvoji.lt\/en\/news\/112351-11-representatives-of-lithuania-at-the-world-athletics-championships\/"]}]},{"@type":"ImageObject","inLanguage":"en-US","@id":"https:\/\/lengvoji.lt\/en\/news\/112351-11-representatives-of-lithuania-at-the-world-athletics-championships\/#primaryimage","url":"https:\/\/lengvoji.lt\/wp-content\/uploads\/2025\/08\/Mykolas-Alekna-2.jpg","contentUrl":"https:\/\/lengvoji.lt\/wp-content\/uploads\/2025\/08\/Mykolas-Alekna-2.jpg","width":1600,"height":1067},{"@type":"BreadcrumbList","@id":"https:\/\/lengvoji.lt\/en\/news\/112351-11-representatives-of-lithuania-at-the-world-athletics-championships\/#breadcrumb","itemListElement":[{"@type":"ListItem","position":1,"name":"Home","item":"https:\/\/lengvoji.lt\/en\/beginning\/"},{"@type":"ListItem","position":2,"name":"11 representatives of Lithuania at the World Athletics Championships"}]},{"@type":"WebSite","@id":"https:\/\/lengvoji.lt\/en\/#website","url":"https:\/\/lengvoji.lt\/en\/","name":"Lietuvos lengvosios atletikos federacija","description":"The National Lithuanian Athletics Organization oversees the country's athletics activities.","publisher":{"@id":"https:\/\/lengvoji.lt\/en\/#organization"},"alternateName":"LLAF","potentialAction":[{"@type":"SearchAction","target":{"@type":"EntryPoint","urlTemplate":"https:\/\/lengvoji.lt\/en\/?s={search_term_string}"},"query-input":{"@type":"PropertyValueSpecification","valueRequired":true,"valueName":"search_term_string"}}],"inLanguage":"en-US"},{"@type":"Organization","@id":"https:\/\/lengvoji.lt\/en\/#organization","name":"Athletics Federation of Lithuania","alternateName":"LLAF","url":"https:\/\/lengvoji.lt\/en\/","logo":{"@type":"ImageObject","inLanguage":"en-US","@id":"https:\/\/lengvoji.lt\/en\/#\/schema\/logo\/image\/","url":"https:\/\/lengvoji.lt\/wp-content\/uploads\/2024\/10\/llaf-seo-square.jpg","contentUrl":"https:\/\/lengvoji.lt\/wp-content\/uploads\/2024\/10\/llaf-seo-square.jpg","width":1400,"height":1400,"caption":"Athletics Federation of Lithuania"},"image":{"@id":"https:\/\/lengvoji.lt\/en\/#\/schema\/logo\/image\/"},"sameAs":["https:\/\/www.facebook.com\/LietuvosLengvosiosAtletikosFederacija\/","https:\/\/www.instagram.com\/lengvoji\/","https:\/\/youtube.com\/@Lietuvoslengvosiosatletikosfed"]},{"@type":"Person","@id":"https:\/\/lengvoji.lt\/en\/#\/schema\/person\/fb833d1df60a3d4339ae3cfc95b30ea0","name":"Justas Virbickas","sameAs":["https:\/\/lengvoji.lt\/"],"url":"https:\/\/lengvoji.lt\/en\/author\/llaf-justas\/"}]}},"_links":{"self":[{"href":"https:\/\/lengvoji.lt\/en\/wp-json\/wp\/v2\/posts\/112351","targetHints":{"allow":["GET"]}}],"collection":[{"href":"https:\/\/lengvoji.lt\/en\/wp-json\/wp\/v2\/posts"}],"about":[{"href":"https:\/\/lengvoji.lt\/en\/wp-json\/wp\/v2\/types\/post"}],"author":[{"embeddable":true,"href":"https:\/\/lengvoji.lt\/en\/wp-json\/wp\/v2\/users\/5"}],"replies":[{"embeddable":true,"href":"https:\/\/lengvoji.lt\/en\/wp-json\/wp\/v2\/comments?post=112351"}],"version-history":[{"count":0,"href":"https:\/\/lengvoji.lt\/en\/wp-json\/wp\/v2\/posts\/112351\/revisions"}],"wp:featuredmedia":[{"embeddable":true,"href":"https:\/\/lengvoji.lt\/en\/wp-json\/wp\/v2\/media\/112349"}],"wp:attachment":[{"href":"https:\/\/lengvoji.lt\/en\/wp-json\/wp\/v2\/media?parent=112351"}],"wp:term":[{"taxonomy":"category","embeddable":true,"href":"https:\/\/lengvoji.lt\/en\/wp-json\/wp\/v2\/categories?post=112351"},{"taxonomy":"post_tag","embeddable":true,"href":"https:\/\/lengvoji.lt\/en\/wp-json\/wp\/v2\/tags?post=112351"}],"curies":[{"name":"wp","href":"https:\/\/api.w.org\/{rel}","templated":true}]}}