{"id":143551,"date":"2026-08-31T08:00:14","date_gmt":"2026-08-31T05:00:14","guid":{"rendered":"https:\/\/lengvoji.lt\/143551-before-september-a-challenge-for-young-track-and-field-athletes-in-kaunas\/"},"modified":"2026-08-31T11:41:21","modified_gmt":"2026-08-31T08:41:21","slug":"before-september-a-challenge-for-young-track-and-field-athletes-in-kaunas","status":"publish","type":"post","link":"https:\/\/lengvoji.lt\/en\/news\/143551-before-september-a-challenge-for-young-track-and-field-athletes-in-kaunas\/","title":{"rendered":"Before September \u2013 a test of young talents in Kaunas"},"content":{"rendered":"<p><b>While most school-age youths spend their last days of vacation resting, a group of track and field athletes spent the ending summer at the &#8220;Athletics Talent&#8221; project camp in Kaunas. There, runners and walkers not only deepened their theoretical knowledge but also practically tested their strength and learned what needs to be improved before the new training and competition season. <\/b><\/p>\n<p><b>Physical fitness check<\/b><\/p>\n<p><span style=\"font-weight: 400;\">From August 24 to 29, the camp held in Kaunas was attended by 18 athletes aged 13 to 18, along with nine of their coaches. The majority of the young athletes were middle- and long-distance runners competing in the 800, 1000, 1500, 3000, and 5000 m distances. Among them were Lithuanian record holders in their age groups    <\/span><b>Daniel\u0117 \u0160atikait\u0117, Rugil\u0117 and Au\u0161rin\u0117 Zaleckait\u0117s, Skaist\u0117 Michejevait\u0117, Matas Kulbokas.  <\/b><\/p>\n<p><span style=\"font-weight: 400;\">Since the camp was held before the start of the autumn and winter training and competition seasons, the main focus was on the practical part \u2013 tests that help assess individual athletes&#8217; readiness and more accurately plan further work. The young athletes underwent sprint tests, and lactate thresholds and VO2max indicators were determined. Physiotherapy tests were also performed on the athletes, and blood test results were discussed. This was handled by an experienced team: a running coach and a physiotherapist     <\/span><b>Jonas \u017dakaitis, <\/b><span style=\"font-weight: 400;\">physiotherapist <\/span><b>Paulius Gedikas<\/b><span style=\"font-weight: 400;\">, family doctor<\/span><b> Jolita Martinonien\u0117. <\/b> <\/p>\n<p><span style=\"font-weight: 400;\">One of the camp organizers, Arnas Gabr\u0117nas, coach of LLAF young running talents <\/span><b> <\/b> <span style=\"font-weight: 400;\">highlights a whole range of advantages of such a program. &#8220;These camps are very important from a physical perspective because the tests performed can help both athletes and their coaches better understand their individual strengths and weaknesses. Kinesiotherapy tests can help prevent injuries, strengthen the body, and directly contribute to improved results on the running track. Discussions about blood tests, in turn, can help optimize athletes&#8217; nutrition and supplement intake,&#8221; says A. Gabr\u0117nas.   <\/span><\/p>\n<p><b>Olympic inspiration<\/b><\/p>\n<p><span style=\"font-weight: 400;\">A lot of attention at the camp was also given to the theoretical part \u2013 lectures were held for athletes and coaches on sports psychology, the relationship between coach and athlete (lecturer \u2013 psychologist <\/span><b>Saul\u0117 Liesyt\u0117<\/b>), and the <span style=\"font-weight: 400;\">importance of sleep (the head and curator of the &#8220;Talent in Athletics&#8221; project,<\/span> <span style=\"font-weight: 400;\">Dr. <\/span><b>Evaldas Kandratavi\u010dius<\/b><span style=\"font-weight: 400;\">), and there was also discussion about the athlete&#8217;s own role and responsibilities in their sporting journey. On this matter, the Olympian, Lithuanian record holder, and triple jumper shared her insights   <\/span><b>Diana Zagainova<\/b><span style=\"font-weight: 400;\">. She told the young athletes about her journey to the Olympic Games and shared her experience gained as a professional athlete.<\/span><\/p>\n<p><span style=\"font-weight: 400;\">&#8220;Such meetings are an important part of talent development, allowing young athletes not only to hear about the reality of professional sports but also to better understand what qualities are needed to achieve high results over time. We have no doubt that this inspires young track and field athletes,&#8221; says A. Gabr\u0117nas. He adds that, for example, sports psychology lectures also help practically \u2013 they allow young people to better understand themselves, understand their body&#8217;s and mind&#8217;s reactions, and learn to manage pre-competition nerves.  <\/span><\/p>\n<p><b>The most important thing is not only to discover but also to preserve<\/b><\/p>\n<p><span style=\"font-weight: 400;\">This camp is not the first meeting of young athletes. A significant number of athletes have already participated in talent camps last August and this April. According to A. Gabr\u0117nas, this is one of the most important goals of the Talent Identification and Retention Program \u2013 not only to notice promising young athletes but also to help them stay in the sport as long as possible so that as adults they can realize their true potential. &#8220;We hope that at this age the rotation of talented youth will be as small as possible, and that in a few years we will see the participants of these camps among the strongest Lithuanian athletes who will bring fame to our country on the international stage,&#8221; the coach smiles.   <\/span><\/p>\n<p><span style=\"font-weight: 400;\">According to him, it is not enough to identify a young athlete&#8217;s strengths or prospects once \u2013 it is important to observe their progress, emerging challenges, and create conditions for purposeful development. Equally important is the social aspect \u2013 the strongest athletes of their age gathered in one place can learn from each other, establish better personal connections that can persist beyond the stadium or indoor arena. <\/span><\/p>\n<p><span style=\"font-weight: 400;\">Both athletes and coaches evaluate these camps very positively, see their meaning and benefits, and want to return to them every year. Surveys conducted after the camp show that participants like the structure and content of the camps, although some days are intense and exhausting. <\/span><\/p>\n<p><i><span style=\"font-weight: 400;\">The camp is financed from the state budget funds allocated by the National Sports Agency under the talent development project &#8220;Athletics Talent&#8221;. This is the LLAF Young Talent Identification and Development Program, designed to discover and develop talented athletes with the greatest potential to achieve high results in athletics. The program is based on the Long-Term Athlete Education Strategy (IALS), which focuses on the sustainable development of athletes, ensuring that they reach their athletic maturity and high results only with proper preparation, avoiding the negative effects of early specialization.  <\/span><\/i><\/p>\n<p><img loading=\"lazy\" decoding=\"async\" class=\"alignnone size-medium wp-image-143556\" src=\"https:\/\/lengvoji.lt\/wp-content\/uploads\/2026\/08\/image00003-225x300.jpeg\" alt=\"\" width=\"225\" height=\"300\" srcset=\"https:\/\/lengvoji.lt\/wp-content\/uploads\/2026\/08\/image00003-225x300.jpeg 225w, https:\/\/lengvoji.lt\/wp-content\/uploads\/2026\/08\/image00003-768x1024.jpeg 768w, https:\/\/lengvoji.lt\/wp-content\/uploads\/2026\/08\/image00003-1152x1536.jpeg 1152w, https:\/\/lengvoji.lt\/wp-content\/uploads\/2026\/08\/image00003-1536x2048.jpeg 1536w, https:\/\/lengvoji.lt\/wp-content\/uploads\/2026\/08\/image00003.jpeg 1920w\" sizes=\"auto, (max-width: 225px) 100vw, 225px\" \/> <img loading=\"lazy\" decoding=\"async\" class=\"alignnone size-medium wp-image-143557\" src=\"https:\/\/lengvoji.lt\/wp-content\/uploads\/2026\/08\/image00008-225x300.jpeg\" alt=\"\" width=\"225\" height=\"300\" srcset=\"https:\/\/lengvoji.lt\/wp-content\/uploads\/2026\/08\/image00008-225x300.jpeg 225w, https:\/\/lengvoji.lt\/wp-content\/uploads\/2026\/08\/image00008-768x1024.jpeg 768w, https:\/\/lengvoji.lt\/wp-content\/uploads\/2026\/08\/image00008-1152x1536.jpeg 1152w, https:\/\/lengvoji.lt\/wp-content\/uploads\/2026\/08\/image00008-1536x2048.jpeg 1536w, https:\/\/lengvoji.lt\/wp-content\/uploads\/2026\/08\/image00008.jpeg 1920w\" sizes=\"auto, (max-width: 225px) 100vw, 225px\" \/> <img loading=\"lazy\" decoding=\"async\" class=\"alignnone wp-image-143558\" src=\"https:\/\/lengvoji.lt\/wp-content\/uploads\/2026\/08\/image00013-300x225.jpeg\" alt=\"\" width=\"391\" height=\"293\" srcset=\"https:\/\/lengvoji.lt\/wp-content\/uploads\/2026\/08\/image00013-300x225.jpeg 300w, https:\/\/lengvoji.lt\/wp-content\/uploads\/2026\/08\/image00013-1024x768.jpeg 1024w, https:\/\/lengvoji.lt\/wp-content\/uploads\/2026\/08\/image00013-768x576.jpeg 768w, https:\/\/lengvoji.lt\/wp-content\/uploads\/2026\/08\/image00013-1536x1152.jpeg 1536w, https:\/\/lengvoji.lt\/wp-content\/uploads\/2026\/08\/image00013-2048x1536.jpeg 2048w\" sizes=\"auto, (max-width: 391px) 100vw, 391px\" \/><\/p>\n","protected":false},"excerpt":{"rendered":"<p>While most school-age youths spend their last days of vacation resting, a group of track and field athletes spent the ending summer at the &#8220;Athletics Talent&#8221; project camp in Kaunas. [&hellip;]<\/p>\n","protected":false},"author":9,"featured_media":143554,"comment_status":"closed","ping_status":"open","sticky":false,"template":"","format":"standard","meta":{"_acf_changed":false,"inline_featured_image":false,"footnotes":""},"categories":[121],"tags":[],"class_list":["post-143551","post","type-post","status-publish","format-standard","has-post-thumbnail","hentry","category-news"],"acf":[],"yoast_head":"<!-- This site is optimized with the Yoast SEO plugin v28.3 - https:\/\/yoast.com\/product\/yoast-seo-wordpress\/ -->\n<title>Before September \u2013 a test of young talents in Kaunas &#8211; LLAF<\/title>\n<meta name=\"robots\" content=\"index, follow, max-snippet:-1, max-image-preview:large, max-video-preview:-1\" \/>\n<link rel=\"canonical\" href=\"https:\/\/lengvoji.lt\/en\/news\/143551-before-september-a-challenge-for-young-track-and-field-athletes-in-kaunas\/\" \/>\n<meta property=\"og:locale\" content=\"en_US\" \/>\n<meta property=\"og:type\" content=\"article\" \/>\n<meta property=\"og:title\" content=\"Before September \u2013 a test of young talents in Kaunas &#8211; LLAF\" \/>\n<meta property=\"og:description\" content=\"While most school-age youths spend their last days of vacation resting, a group of track and field athletes spent the ending summer at the &#8220;Athletics Talent&#8221; project camp in Kaunas. [&hellip;]\" \/>\n<meta property=\"og:url\" content=\"https:\/\/lengvoji.lt\/en\/news\/143551-before-september-a-challenge-for-young-track-and-field-athletes-in-kaunas\/\" \/>\n<meta property=\"og:site_name\" content=\"LLAF\" \/>\n<meta property=\"article:publisher\" content=\"https:\/\/www.facebook.com\/LietuvosLengvosiosAtletikosFederacija\/\" \/>\n<meta property=\"article:published_time\" content=\"2026-08-31T05:00:14+00:00\" \/>\n<meta property=\"article:modified_time\" content=\"2026-08-31T08:41:21+00:00\" \/>\n<meta property=\"og:image\" content=\"https:\/\/lengvoji.lt\/wp-content\/uploads\/2026\/08\/image00006-e1788152850952.jpeg\" \/>\n\t<meta property=\"og:image:width\" content=\"2560\" \/>\n\t<meta property=\"og:image:height\" content=\"1920\" \/>\n\t<meta property=\"og:image:type\" content=\"image\/jpeg\" \/>\n<meta name=\"author\" content=\"Evelina \u017delvyt\u0117-Berta\u0161\u0117\" \/>\n<meta name=\"twitter:card\" content=\"summary_large_image\" \/>\n<script type=\"application\/ld+json\" class=\"yoast-schema-graph\">{\"@context\":\"https:\\\/\\\/schema.org\",\"@graph\":[{\"@type\":\"Article\",\"@id\":\"https:\\\/\\\/lengvoji.lt\\\/en\\\/news\\\/143551-before-september-a-challenge-for-young-track-and-field-athletes-in-kaunas\\\/#article\",\"isPartOf\":{\"@id\":\"https:\\\/\\\/lengvoji.lt\\\/en\\\/news\\\/143551-before-september-a-challenge-for-young-track-and-field-athletes-in-kaunas\\\/\"},\"author\":{\"name\":\"Evelina \u017delvyt\u0117-Berta\u0161\u0117\",\"@id\":\"https:\\\/\\\/lengvoji.lt\\\/en\\\/#\\\/schema\\\/person\\\/022c3fc74aea87aa0ccd70f90845f37d\"},\"headline\":\"Before September \u2013 a test of young talents in Kaunas\",\"datePublished\":\"2026-08-31T05:00:14+00:00\",\"dateModified\":\"2026-08-31T08:41:21+00:00\",\"mainEntityOfPage\":{\"@id\":\"https:\\\/\\\/lengvoji.lt\\\/en\\\/news\\\/143551-before-september-a-challenge-for-young-track-and-field-athletes-in-kaunas\\\/\"},\"wordCount\":842,\"publisher\":{\"@id\":\"https:\\\/\\\/lengvoji.lt\\\/en\\\/#organization\"},\"image\":{\"@id\":\"https:\\\/\\\/lengvoji.lt\\\/en\\\/news\\\/143551-before-september-a-challenge-for-young-track-and-field-athletes-in-kaunas\\\/#primaryimage\"},\"thumbnailUrl\":\"https:\\\/\\\/lengvoji.lt\\\/wp-content\\\/uploads\\\/2026\\\/08\\\/image00006-e1788152850952.jpeg\",\"articleSection\":[\"News\"],\"inLanguage\":\"en-US\"},{\"@type\":\"WebPage\",\"@id\":\"https:\\\/\\\/lengvoji.lt\\\/en\\\/news\\\/143551-before-september-a-challenge-for-young-track-and-field-athletes-in-kaunas\\\/\",\"url\":\"https:\\\/\\\/lengvoji.lt\\\/en\\\/news\\\/143551-before-september-a-challenge-for-young-track-and-field-athletes-in-kaunas\\\/\",\"name\":\"Before September \u2013 a test of young talents in Kaunas &#8211; LLAF\",\"isPartOf\":{\"@id\":\"https:\\\/\\\/lengvoji.lt\\\/en\\\/#website\"},\"primaryImageOfPage\":{\"@id\":\"https:\\\/\\\/lengvoji.lt\\\/en\\\/news\\\/143551-before-september-a-challenge-for-young-track-and-field-athletes-in-kaunas\\\/#primaryimage\"},\"image\":{\"@id\":\"https:\\\/\\\/lengvoji.lt\\\/en\\\/news\\\/143551-before-september-a-challenge-for-young-track-and-field-athletes-in-kaunas\\\/#primaryimage\"},\"thumbnailUrl\":\"https:\\\/\\\/lengvoji.lt\\\/wp-content\\\/uploads\\\/2026\\\/08\\\/image00006-e1788152850952.jpeg\",\"datePublished\":\"2026-08-31T05:00:14+00:00\",\"dateModified\":\"2026-08-31T08:41:21+00:00\",\"breadcrumb\":{\"@id\":\"https:\\\/\\\/lengvoji.lt\\\/en\\\/news\\\/143551-before-september-a-challenge-for-young-track-and-field-athletes-in-kaunas\\\/#breadcrumb\"},\"inLanguage\":\"en-US\",\"potentialAction\":[{\"@type\":\"ReadAction\",\"target\":[\"https:\\\/\\\/lengvoji.lt\\\/en\\\/news\\\/143551-before-september-a-challenge-for-young-track-and-field-athletes-in-kaunas\\\/\"]}]},{\"@type\":\"ImageObject\",\"inLanguage\":\"en-US\",\"@id\":\"https:\\\/\\\/lengvoji.lt\\\/en\\\/news\\\/143551-before-september-a-challenge-for-young-track-and-field-athletes-in-kaunas\\\/#primaryimage\",\"url\":\"https:\\\/\\\/lengvoji.lt\\\/wp-content\\\/uploads\\\/2026\\\/08\\\/image00006-e1788152850952.jpeg\",\"contentUrl\":\"https:\\\/\\\/lengvoji.lt\\\/wp-content\\\/uploads\\\/2026\\\/08\\\/image00006-e1788152850952.jpeg\",\"width\":2560,\"height\":1920},{\"@type\":\"BreadcrumbList\",\"@id\":\"https:\\\/\\\/lengvoji.lt\\\/en\\\/news\\\/143551-before-september-a-challenge-for-young-track-and-field-athletes-in-kaunas\\\/#breadcrumb\",\"itemListElement\":[{\"@type\":\"ListItem\",\"position\":1,\"name\":\"Home\",\"item\":\"https:\\\/\\\/lengvoji.lt\\\/en\\\/beginning\\\/\"},{\"@type\":\"ListItem\",\"position\":2,\"name\":\"News\",\"item\":\"https:\\\/\\\/lengvoji.lt\\\/en\\\/category\\\/news\\\/\"},{\"@type\":\"ListItem\",\"position\":3,\"name\":\"Before September \u2013 a test of young talents in Kaunas\"}]},{\"@type\":\"WebSite\",\"@id\":\"https:\\\/\\\/lengvoji.lt\\\/en\\\/#website\",\"url\":\"https:\\\/\\\/lengvoji.lt\\\/en\\\/\",\"name\":\"Lietuvos lengvosios atletikos federacija\",\"description\":\"The National Lithuanian Athletics Organization oversees the country's athletics activities.\",\"publisher\":{\"@id\":\"https:\\\/\\\/lengvoji.lt\\\/en\\\/#organization\"},\"alternateName\":\"LLAF\",\"potentialAction\":[{\"@type\":\"SearchAction\",\"target\":{\"@type\":\"EntryPoint\",\"urlTemplate\":\"https:\\\/\\\/lengvoji.lt\\\/en\\\/?s={search_term_string}\"},\"query-input\":{\"@type\":\"PropertyValueSpecification\",\"valueRequired\":true,\"valueName\":\"search_term_string\"}}],\"inLanguage\":\"en-US\"},{\"@type\":\"Organization\",\"@id\":\"https:\\\/\\\/lengvoji.lt\\\/en\\\/#organization\",\"name\":\"Athletics Federation of Lithuania\",\"alternateName\":\"LLAF\",\"url\":\"https:\\\/\\\/lengvoji.lt\\\/en\\\/\",\"logo\":{\"@type\":\"ImageObject\",\"inLanguage\":\"en-US\",\"@id\":\"https:\\\/\\\/lengvoji.lt\\\/en\\\/#\\\/schema\\\/logo\\\/image\\\/\",\"url\":\"https:\\\/\\\/lengvoji.lt\\\/wp-content\\\/uploads\\\/2024\\\/10\\\/llaf-seo-square.jpg\",\"contentUrl\":\"https:\\\/\\\/lengvoji.lt\\\/wp-content\\\/uploads\\\/2024\\\/10\\\/llaf-seo-square.jpg\",\"width\":1400,\"height\":1400,\"caption\":\"Athletics Federation of Lithuania\"},\"image\":{\"@id\":\"https:\\\/\\\/lengvoji.lt\\\/en\\\/#\\\/schema\\\/logo\\\/image\\\/\"},\"sameAs\":[\"https:\\\/\\\/www.facebook.com\\\/LietuvosLengvosiosAtletikosFederacija\\\/\",\"https:\\\/\\\/www.instagram.com\\\/lengvoji\\\/\",\"https:\\\/\\\/youtube.com\\\/@Lietuvoslengvosiosatletikosfed\"]},{\"@type\":\"Person\",\"@id\":\"https:\\\/\\\/lengvoji.lt\\\/en\\\/#\\\/schema\\\/person\\\/022c3fc74aea87aa0ccd70f90845f37d\",\"name\":\"Evelina \u017delvyt\u0117-Berta\u0161\u0117\",\"url\":\"https:\\\/\\\/lengvoji.lt\\\/en\\\/author\\\/llaf-evelina\\\/\"}]}<\/script>\n<!-- \/ Yoast SEO plugin. -->","yoast_head_json":{"title":"Before September \u2013 a test of young talents in Kaunas &#8211; LLAF","robots":{"index":"index","follow":"follow","max-snippet":"max-snippet:-1","max-image-preview":"max-image-preview:large","max-video-preview":"max-video-preview:-1"},"canonical":"https:\/\/lengvoji.lt\/en\/news\/143551-before-september-a-challenge-for-young-track-and-field-athletes-in-kaunas\/","og_locale":"en_US","og_type":"article","og_title":"Before September \u2013 a test of young talents in Kaunas &#8211; LLAF","og_description":"While most school-age youths spend their last days of vacation resting, a group of track and field athletes spent the ending summer at the &#8220;Athletics Talent&#8221; project camp in Kaunas. [&hellip;]","og_url":"https:\/\/lengvoji.lt\/en\/news\/143551-before-september-a-challenge-for-young-track-and-field-athletes-in-kaunas\/","og_site_name":"LLAF","article_publisher":"https:\/\/www.facebook.com\/LietuvosLengvosiosAtletikosFederacija\/","article_published_time":"2026-08-31T05:00:14+00:00","article_modified_time":"2026-08-31T08:41:21+00:00","og_image":[{"width":2560,"height":1920,"url":"https:\/\/lengvoji.lt\/wp-content\/uploads\/2026\/08\/image00006-e1788152850952.jpeg","type":"image\/jpeg"}],"author":"Evelina \u017delvyt\u0117-Berta\u0161\u0117","twitter_card":"summary_large_image","schema":{"@context":"https:\/\/schema.org","@graph":[{"@type":"Article","@id":"https:\/\/lengvoji.lt\/en\/news\/143551-before-september-a-challenge-for-young-track-and-field-athletes-in-kaunas\/#article","isPartOf":{"@id":"https:\/\/lengvoji.lt\/en\/news\/143551-before-september-a-challenge-for-young-track-and-field-athletes-in-kaunas\/"},"author":{"name":"Evelina \u017delvyt\u0117-Berta\u0161\u0117","@id":"https:\/\/lengvoji.lt\/en\/#\/schema\/person\/022c3fc74aea87aa0ccd70f90845f37d"},"headline":"Before September \u2013 a test of young talents in Kaunas","datePublished":"2026-08-31T05:00:14+00:00","dateModified":"2026-08-31T08:41:21+00:00","mainEntityOfPage":{"@id":"https:\/\/lengvoji.lt\/en\/news\/143551-before-september-a-challenge-for-young-track-and-field-athletes-in-kaunas\/"},"wordCount":842,"publisher":{"@id":"https:\/\/lengvoji.lt\/en\/#organization"},"image":{"@id":"https:\/\/lengvoji.lt\/en\/news\/143551-before-september-a-challenge-for-young-track-and-field-athletes-in-kaunas\/#primaryimage"},"thumbnailUrl":"https:\/\/lengvoji.lt\/wp-content\/uploads\/2026\/08\/image00006-e1788152850952.jpeg","articleSection":["News"],"inLanguage":"en-US"},{"@type":"WebPage","@id":"https:\/\/lengvoji.lt\/en\/news\/143551-before-september-a-challenge-for-young-track-and-field-athletes-in-kaunas\/","url":"https:\/\/lengvoji.lt\/en\/news\/143551-before-september-a-challenge-for-young-track-and-field-athletes-in-kaunas\/","name":"Before September \u2013 a test of young talents in Kaunas &#8211; LLAF","isPartOf":{"@id":"https:\/\/lengvoji.lt\/en\/#website"},"primaryImageOfPage":{"@id":"https:\/\/lengvoji.lt\/en\/news\/143551-before-september-a-challenge-for-young-track-and-field-athletes-in-kaunas\/#primaryimage"},"image":{"@id":"https:\/\/lengvoji.lt\/en\/news\/143551-before-september-a-challenge-for-young-track-and-field-athletes-in-kaunas\/#primaryimage"},"thumbnailUrl":"https:\/\/lengvoji.lt\/wp-content\/uploads\/2026\/08\/image00006-e1788152850952.jpeg","datePublished":"2026-08-31T05:00:14+00:00","dateModified":"2026-08-31T08:41:21+00:00","breadcrumb":{"@id":"https:\/\/lengvoji.lt\/en\/news\/143551-before-september-a-challenge-for-young-track-and-field-athletes-in-kaunas\/#breadcrumb"},"inLanguage":"en-US","potentialAction":[{"@type":"ReadAction","target":["https:\/\/lengvoji.lt\/en\/news\/143551-before-september-a-challenge-for-young-track-and-field-athletes-in-kaunas\/"]}]},{"@type":"ImageObject","inLanguage":"en-US","@id":"https:\/\/lengvoji.lt\/en\/news\/143551-before-september-a-challenge-for-young-track-and-field-athletes-in-kaunas\/#primaryimage","url":"https:\/\/lengvoji.lt\/wp-content\/uploads\/2026\/08\/image00006-e1788152850952.jpeg","contentUrl":"https:\/\/lengvoji.lt\/wp-content\/uploads\/2026\/08\/image00006-e1788152850952.jpeg","width":2560,"height":1920},{"@type":"BreadcrumbList","@id":"https:\/\/lengvoji.lt\/en\/news\/143551-before-september-a-challenge-for-young-track-and-field-athletes-in-kaunas\/#breadcrumb","itemListElement":[{"@type":"ListItem","position":1,"name":"Home","item":"https:\/\/lengvoji.lt\/en\/beginning\/"},{"@type":"ListItem","position":2,"name":"News","item":"https:\/\/lengvoji.lt\/en\/category\/news\/"},{"@type":"ListItem","position":3,"name":"Before September \u2013 a test of young talents in Kaunas"}]},{"@type":"WebSite","@id":"https:\/\/lengvoji.lt\/en\/#website","url":"https:\/\/lengvoji.lt\/en\/","name":"Lietuvos lengvosios atletikos federacija","description":"The National Lithuanian Athletics Organization oversees the country's athletics activities.","publisher":{"@id":"https:\/\/lengvoji.lt\/en\/#organization"},"alternateName":"LLAF","potentialAction":[{"@type":"SearchAction","target":{"@type":"EntryPoint","urlTemplate":"https:\/\/lengvoji.lt\/en\/?s={search_term_string}"},"query-input":{"@type":"PropertyValueSpecification","valueRequired":true,"valueName":"search_term_string"}}],"inLanguage":"en-US"},{"@type":"Organization","@id":"https:\/\/lengvoji.lt\/en\/#organization","name":"Athletics Federation of Lithuania","alternateName":"LLAF","url":"https:\/\/lengvoji.lt\/en\/","logo":{"@type":"ImageObject","inLanguage":"en-US","@id":"https:\/\/lengvoji.lt\/en\/#\/schema\/logo\/image\/","url":"https:\/\/lengvoji.lt\/wp-content\/uploads\/2024\/10\/llaf-seo-square.jpg","contentUrl":"https:\/\/lengvoji.lt\/wp-content\/uploads\/2024\/10\/llaf-seo-square.jpg","width":1400,"height":1400,"caption":"Athletics Federation of Lithuania"},"image":{"@id":"https:\/\/lengvoji.lt\/en\/#\/schema\/logo\/image\/"},"sameAs":["https:\/\/www.facebook.com\/LietuvosLengvosiosAtletikosFederacija\/","https:\/\/www.instagram.com\/lengvoji\/","https:\/\/youtube.com\/@Lietuvoslengvosiosatletikosfed"]},{"@type":"Person","@id":"https:\/\/lengvoji.lt\/en\/#\/schema\/person\/022c3fc74aea87aa0ccd70f90845f37d","name":"Evelina \u017delvyt\u0117-Berta\u0161\u0117","url":"https:\/\/lengvoji.lt\/en\/author\/llaf-evelina\/"}]}},"_links":{"self":[{"href":"https:\/\/lengvoji.lt\/en\/wp-json\/wp\/v2\/posts\/143551","targetHints":{"allow":["GET"]}}],"collection":[{"href":"https:\/\/lengvoji.lt\/en\/wp-json\/wp\/v2\/posts"}],"about":[{"href":"https:\/\/lengvoji.lt\/en\/wp-json\/wp\/v2\/types\/post"}],"author":[{"embeddable":true,"href":"https:\/\/lengvoji.lt\/en\/wp-json\/wp\/v2\/users\/9"}],"replies":[{"embeddable":true,"href":"https:\/\/lengvoji.lt\/en\/wp-json\/wp\/v2\/comments?post=143551"}],"version-history":[{"count":4,"href":"https:\/\/lengvoji.lt\/en\/wp-json\/wp\/v2\/posts\/143551\/revisions"}],"predecessor-version":[{"id":143574,"href":"https:\/\/lengvoji.lt\/en\/wp-json\/wp\/v2\/posts\/143551\/revisions\/143574"}],"wp:featuredmedia":[{"embeddable":true,"href":"https:\/\/lengvoji.lt\/en\/wp-json\/wp\/v2\/media\/143554"}],"wp:attachment":[{"href":"https:\/\/lengvoji.lt\/en\/wp-json\/wp\/v2\/media?parent=143551"}],"wp:term":[{"taxonomy":"category","embeddable":true,"href":"https:\/\/lengvoji.lt\/en\/wp-json\/wp\/v2\/categories?post=143551"},{"taxonomy":"post_tag","embeddable":true,"href":"https:\/\/lengvoji.lt\/en\/wp-json\/wp\/v2\/tags?post=143551"}],"curies":[{"name":"wp","href":"https:\/\/api.w.org\/{rel}","templated":true}]}}